{"id":1277,"date":"2017-03-30T19:09:30","date_gmt":"2017-03-30T19:09:30","guid":{"rendered":"http:\/\/www.comptoirsinde.org\/?p=1277"},"modified":"2020-05-24T11:26:57","modified_gmt":"2020-05-24T09:26:57","slug":"pakistan-balayeur-est-chretien-hindou","status":"publish","type":"post","link":"https:\/\/www.comptoirsinde.org\/?p=1277","title":{"rendered":"Au Pakistan un balayeur est chr\u00e9tien ou hindou"},"content":{"rendered":"\n<blockquote class=\"wp-block-quote\"><p>24.03.2017 par Rapha\u00ebl Zbinden<\/p><\/blockquote>\n\n\n<blockquote>\n<pre><span style=\"color: #000000; font-family: Times New Roman;\">\u201cCherche balayeur \u2018pr\u00e9f\u00e9rablement\u2019 chr\u00e9tien ou hindou\u201d. Tel est en substance le contenu d\u2019une offre d\u2019emploi parue en mars 2017 dans un journal pakistanais. Le cas d\u00e9montre que les discriminations envers les minorit\u00e9s religieuses sont encore vivaces dans ce pays \u00e0 large majorit\u00e9 musulmane sunnite.<\/span><\/pre>\n<\/blockquote>\n<p><span style=\"color: #000000; font-family: Times New Roman;\">Le journal en langue Ourdoue, diffus\u00e9 dans le district de Bannu, \u00e0 300 km au sud-ouest de la capitale Islamabad, a publi\u00e9 l\u2019annonce pour le compte de l\u2019administration locale, rapporte <\/span><em><span style=\"color: #000000; font-family: Times New Roman;\">Eglises d\u2019Asie (EdA<\/span><\/em><span style=\"color: #000000; font-family: Times New Roman;\">), l\u2019agence d\u2019information des Missions Etrang\u00e8res de Paris. L\u2019offre d\u2019emploi pr\u00e9cisait pr\u00e9alablement que les personnes int\u00e9ress\u00e9es devaient \u00eatre de religion hindoue, chr\u00e9tienne ou chiite. Face au toll\u00e9 soulev\u00e9 par le caract\u00e8re ouvertement discriminatoire de l\u2019annonce, l\u2019administration en question a corrig\u00e9 le texte. Les responsables ont sp\u00e9cifi\u00e9 que le terme \u201cchiite\u201d s\u2019\u00e9tait gliss\u00e9 par erreur dans l\u2019annonce. Ils ont n\u00e9anmoins maintenu que les balayeurs devaient \u00eatre \u201cpr\u00e9f\u00e9rablement\u201d de religion chr\u00e9tienne ou hindoue, sous-entendant qu\u2019un musulman ne pourrait pas faire ce genre de travail subalterne. L\u2019affaire fait appara\u00eetre que la discrimination dont souffrent les minorit\u00e9s religieuses au Pakistan s\u2019\u00e9tend jusque dans le domaine du travail.<\/span><\/p>\n<h2><span style=\"color: #000000; font-family: Times New Roman;\">Les chr\u00e9tiens rel\u00e9gu\u00e9s aux t\u00e2ches \u201cingrates\u201d<\/span><\/h2>\n<p><span style=\"color: #000000; font-family: Times New Roman;\">Le recensement en cours dans le pays va permettre, au-del\u00e0 du d\u00e9nombrement des habitants, de fournir des informations int\u00e9ressantes quant aux emplois occup\u00e9s par chacun, note <\/span><em><span style=\"color: #000000; font-family: Times New Roman;\">EdA<\/span><\/em><span style=\"color: #000000; font-family: Times New Roman;\">. Les musulmans repr\u00e9sentent 97% de la population (dont 11 \u00e0 12% de chiites), les minorit\u00e9s chr\u00e9tiennes 2,1 % et hindoue 1,3%. Ces derni\u00e8res sont non seulement en butte \u00e0 une pers\u00e9cution fond\u00e9e juridiquement sur les lois anti-blasph\u00e8me mais \u00e0 des discriminations sociales profond\u00e9ment ancr\u00e9es. Si une petite minorit\u00e9 \u00e9duqu\u00e9e de chr\u00e9tiens a acc\u00e8s \u00e0 un niveau de vie satisfaisant, la tr\u00e8s grande partie de la communaut\u00e9 se situe tout en bas de l\u2019\u00e9chelle sociale. Ils sont souvent journaliers pour les paysans sans terre des campagnes, balayeurs, \u00e9boueurs, ou encore vidangeurs.<\/span><\/p>\n<h2><span style=\"color: #000000; font-family: Times New Roman;\">Plus facilement exploitables<\/span><\/h2>\n<p><span style=\"color: #000000; font-family: Times New Roman;\">Hyacinth Peter, de la Commission Justice et Paix du dioc\u00e8se catholique de Multan, au Pendjab, d\u00e9nonce \u201cla discrimination caract\u00e9ris\u00e9e et r\u00e9p\u00e9t\u00e9e\u201d que refl\u00e8tent les offres d\u2019emploi. Elle mentionne d\u2019autres cas que celui du district de Bannu, o\u00f9 des annonces pour des travaux \u201cingrats\u201d ne s\u2019adressaient qu\u2019aux non-musulmans. \u201cNous condamnons ce type d\u2019annonces et nous demandons aux autorit\u00e9s de Bannu de faire para\u00eetre une nouvelle offre d\u2019emploi ne faisant pas mention d\u2019une appartenance religieuse particuli\u00e8re\u201d, lance la responsable catholique. Elle pr\u00e9cise que si les balayeurs et \u00e9boueurs non musulmans sont pr\u00e9f\u00e9r\u00e9s, c\u2019est parce qu\u2019ils sont plus facilement exploitables. Au <\/span><a href=\"https:\/\/www.cath.ch\/tag\/pakistan\/\"><span style=\"color: #0000ff; font-family: Times New Roman;\">Pakistan<\/span><\/a><span style=\"color: #000000; font-family: Times New Roman;\">, pas plus de 5% des \u00e9boueurs seraient ainsi de confession musulmane.<\/span><\/p>\n<p><span style=\"color: #000000; font-family: Times New Roman;\">Afin de contribuer \u00e0 la promotion sociale de ces travailleurs d\u00e9consid\u00e9r\u00e9s, les Eglises chr\u00e9tiennes travaillent \u00e0 leur formation, \u00e0 l\u2019\u00e9ducation de leur famille, ainsi qu\u2019\u00e0 la d\u00e9fense de leurs droits. (cath.ch\/eda\/rz)<\/span><\/p>\n<p>\u00a0<\/p>\n\n\n<p>Source:<\/p>\n\n\n\n<p><a rel=\"noreferrer noopener\" href=\"https:\/\/www.cath.ch\/newsf\/pakistan-balayeur-ne-etre-chretien-hindou\/\" target=\"_blank\">cath.ch\/\u2026\/pakistan-balayeur-ne-etre-chretien-hindou<\/a><\/p>\n\n\n","protected":false},"excerpt":{"rendered":"<p>24.03.2017 par Rapha\u00ebl Zbinden \u201cCherche balayeur \u2018pr\u00e9f\u00e9rablement\u2019 chr\u00e9tien ou hindou\u201d. Tel est en substance le contenu d\u2019une offre d\u2019emploi parue en mars 2017 dans un journal pakistanais. Le cas d\u00e9montre que les discriminations envers les minorit\u00e9s religieuses sont encore vivaces dans ce pays \u00e0 large majorit\u00e9 musulmane sunnite. Le journal en langue Ourdoue, diffus\u00e9 dans &hellip;<\/p>\n","protected":false},"author":3,"featured_media":0,"comment_status":"open","ping_status":"closed","sticky":false,"template":"","format":"standard","meta":[],"categories":[19],"tags":[],"_links":{"self":[{"href":"https:\/\/www.comptoirsinde.org\/index.php?rest_route=\/wp\/v2\/posts\/1277"}],"collection":[{"href":"https:\/\/www.comptoirsinde.org\/index.php?rest_route=\/wp\/v2\/posts"}],"about":[{"href":"https:\/\/www.comptoirsinde.org\/index.php?rest_route=\/wp\/v2\/types\/post"}],"author":[{"embeddable":true,"href":"https:\/\/www.comptoirsinde.org\/index.php?rest_route=\/wp\/v2\/users\/3"}],"replies":[{"embeddable":true,"href":"https:\/\/www.comptoirsinde.org\/index.php?rest_route=%2Fwp%2Fv2%2Fcomments&post=1277"}],"version-history":[{"count":2,"href":"https:\/\/www.comptoirsinde.org\/index.php?rest_route=\/wp\/v2\/posts\/1277\/revisions"}],"predecessor-version":[{"id":2571,"href":"https:\/\/www.comptoirsinde.org\/index.php?rest_route=\/wp\/v2\/posts\/1277\/revisions\/2571"}],"wp:attachment":[{"href":"https:\/\/www.comptoirsinde.org\/index.php?rest_route=%2Fwp%2Fv2%2Fmedia&parent=1277"}],"wp:term":[{"taxonomy":"category","embeddable":true,"href":"https:\/\/www.comptoirsinde.org\/index.php?rest_route=%2Fwp%2Fv2%2Fcategories&post=1277"},{"taxonomy":"post_tag","embeddable":true,"href":"https:\/\/www.comptoirsinde.org\/index.php?rest_route=%2Fwp%2Fv2%2Ftags&post=1277"}],"curies":[{"name":"wp","href":"https:\/\/api.w.org\/{rel}","templated":true}]}}