{"id":1397,"date":"2017-07-23T13:35:20","date_gmt":"2017-07-23T13:35:20","guid":{"rendered":"http:\/\/www.comptoirsinde.org\/?p=1397"},"modified":"2020-05-24T11:43:40","modified_gmt":"2020-05-24T09:43:40","slug":"magazine-lhistoire-de-juilletaout-2017-consacre-a-linde","status":"publish","type":"post","link":"https:\/\/www.comptoirsinde.org\/?p=1397","title":{"rendered":"num\u00e9ro sp\u00e9cial sur l&rsquo;Inde par l&rsquo;Histoire"},"content":{"rendered":"<div>Le magazine<strong> l\u2019Histoire<\/strong> consacre son mensuel No 437 du mois de juillet-ao\u00fbt 2017, \u00e0 l&rsquo;Inde :<\/div>\n<h3 style=\"text-align: center;\"><span style=\"color: #993300;\"><strong>L\u2019Inde, un \u00c9tat-continent<a href=\"http:\/\/www.comptoirsinde.org\/wp\/wp-content\/uploads\/2017\/07\/2017_07_34_magazine_LHistoire_n\u00b0_437.jpg\"><img loading=\"lazy\" class=\"size-medium wp-image-1399 alignright\" src=\"http:\/\/www.comptoirsinde.org\/wp\/wp-content\/uploads\/2017\/07\/2017_07_34_magazine_LHistoire_n\u00b0_437-214x300.jpg\" alt=\"\" width=\"214\" height=\"300\" srcset=\"https:\/\/www.comptoirsinde.org\/wp\/wp-content\/uploads\/2017\/07\/2017_07_34_magazine_LHistoire_n\u00b0_437-214x300.jpg 214w, https:\/\/www.comptoirsinde.org\/wp\/wp-content\/uploads\/2017\/07\/2017_07_34_magazine_LHistoire_n\u00b0_437.jpg 570w\" sizes=\"(max-width: 214px) 100vw, 214px\" \/><\/a><\/strong><\/span><\/h3>\n<div>C\u2019est cette histoire \u00ab connect\u00e9e \u00bb que nous vous invitons \u00e0 d\u00e9couvrir :<\/div>\n<ul>\n<li>Celle du bouddhisme ou du sanskrit qui ont \u00ab colonis\u00e9 \u00bb l\u2019Asie il y a 2000 ans.<\/li>\n<li>Celle de ces empires qui m\u00ealaient culture indienne, grecque et perse.<\/li>\n<li>Celle des textiles qui ont fait la fortune du sous-continent puis de l\u2019Angleterre.<\/li>\n<li>Celle de l\u2019oc\u00e9an indien, c\u0153ur du monde au XV\u00e8me si\u00e8cle.<\/li>\n<\/ul>\n<div><\/div>\n<div>L\u2019Inde c\u2019est aujourd\u2019hui un pays qui cherche \u00e0 retrouver sa place sur la sc\u00e8ne Internationale et qui, malgr\u00e9 les relents nationalistes et les discriminations persistantes, conserve sa vitalit\u00e9.<\/div>\n<div><span style=\"color: #ffffff;\">A<\/span><\/div>\n<div>\u00a0<a href=\"http:\/\/www.comptoirsinde.org\/wp\/wp-content\/uploads\/2017\/07\/2017_07_34_magazine_LHistoire_n\u00b0_437.jpg\"><br \/>\n<\/a><\/div>\n","protected":false},"excerpt":{"rendered":"<p>Le magazine l\u2019Histoire consacre son mensuel No 437 du mois de juillet-ao\u00fbt 2017, \u00e0 l&rsquo;Inde : L\u2019Inde, un \u00c9tat-continent C\u2019est cette histoire \u00ab connect\u00e9e \u00bb que nous vous invitons \u00e0 d\u00e9couvrir : Celle du bouddhisme ou du sanskrit qui ont \u00ab colonis\u00e9 \u00bb l\u2019Asie il y a 2000 ans. Celle de ces empires qui m\u00ealaient &hellip;<\/p>\n","protected":false},"author":3,"featured_media":0,"comment_status":"open","ping_status":"closed","sticky":false,"template":"","format":"standard","meta":[],"categories":[19],"tags":[62,61],"_links":{"self":[{"href":"https:\/\/www.comptoirsinde.org\/index.php?rest_route=\/wp\/v2\/posts\/1397"}],"collection":[{"href":"https:\/\/www.comptoirsinde.org\/index.php?rest_route=\/wp\/v2\/posts"}],"about":[{"href":"https:\/\/www.comptoirsinde.org\/index.php?rest_route=\/wp\/v2\/types\/post"}],"author":[{"embeddable":true,"href":"https:\/\/www.comptoirsinde.org\/index.php?rest_route=\/wp\/v2\/users\/3"}],"replies":[{"embeddable":true,"href":"https:\/\/www.comptoirsinde.org\/index.php?rest_route=%2Fwp%2Fv2%2Fcomments&post=1397"}],"version-history":[{"count":3,"href":"https:\/\/www.comptoirsinde.org\/index.php?rest_route=\/wp\/v2\/posts\/1397\/revisions"}],"predecessor-version":[{"id":2579,"href":"https:\/\/www.comptoirsinde.org\/index.php?rest_route=\/wp\/v2\/posts\/1397\/revisions\/2579"}],"wp:attachment":[{"href":"https:\/\/www.comptoirsinde.org\/index.php?rest_route=%2Fwp%2Fv2%2Fmedia&parent=1397"}],"wp:term":[{"taxonomy":"category","embeddable":true,"href":"https:\/\/www.comptoirsinde.org\/index.php?rest_route=%2Fwp%2Fv2%2Fcategories&post=1397"},{"taxonomy":"post_tag","embeddable":true,"href":"https:\/\/www.comptoirsinde.org\/index.php?rest_route=%2Fwp%2Fv2%2Ftags&post=1397"}],"curies":[{"name":"wp","href":"https:\/\/api.w.org\/{rel}","templated":true}]}}