{"id":1564,"date":"2017-11-12T09:43:26","date_gmt":"2017-11-12T08:43:26","guid":{"rendered":"http:\/\/www.comptoirsinde.org\/?p=1564"},"modified":"2020-05-24T11:53:11","modified_gmt":"2020-05-24T09:53:11","slug":"journee-nationale-souvenir-francais-26-novembre-2017","status":"publish","type":"post","link":"https:\/\/www.comptoirsinde.org\/?p=1564","title":{"rendered":"Journ\u00e9e Nationale du Souvenir Fran\u00e7ais du 26 novembre 2017"},"content":{"rendered":"<h2 style=\"text-align: center;\"><strong>RAVIVAGE DE LA FLAMME \u00c0 L&rsquo;ARC DE TRIOMPHE<\/strong><\/h2>\n<p>Dans le cadre de la convention sign\u00e9e entre <strong>le Souvenir Fran\u00e7ais<\/strong> et <strong>l\u2019Association Les Comptoirs de l\u2019Inde<br \/>\n<\/strong>Vous \u00eates cordialement invit\u00e9s au ravivage de la flamme sous l\u2019Arc de Triomphe<br \/>\n<span style=\"color: #993300;\"><strong>* 26 Novembre 2017 \u00e0 18h30<\/strong><\/span><br \/>\nLe rendez-vous sur place est fix\u00e9 \u00e0 <strong>17h45<\/strong><\/p>\n<p>En inscrivant cette date dans le calendrier d\u2019une c\u00e9r\u00e9monie bient\u00f4t centenaire, <strong>le Souvenir Fran\u00e7ais<\/strong> a souhait\u00e9 rendre hommage \u00e0 <strong>Francis Simon<\/strong>, Pr\u00e9sident du Comit\u00e9 du Souvenir Fran\u00e7ais de Rennes, qui fut le premier \u00e0 proposer le transfert d\u2019un soldat inconnu au Panth\u00e9on, le 26 Novembre 1916.<\/p>\n<p><strong>Vous devez confirmer votre pr\u00e9sence, par mail ou par t\u00e9l\u00e9phone\u00a0:<br \/>\n<\/strong>Madame Hannah Brown<br \/>\n01 48 74 80 32<br \/>\n<a href=\"mailto:communication@souvenir-francais.fr\">communication@souvenir-francais.fr<\/a><\/p>\n<p>Cliquer pour t\u00e9l\u00e9charger <span style=\"color: #0000ff;\"><a style=\"color: #0000ff;\" href=\"http:\/\/www.comptoirsinde.org\/wp\/wp-content\/uploads\/2017\/11\/2017_11_12_Francis_SIMON-Flyer_IMP.pdf\" target=\"_blank\" rel=\"noopener noreferrer\"><span style=\"text-decoration: underline;\"><strong>Le flyer<\/strong><\/span><\/a><\/span> de la manifestation.<\/p>\n<p>&nbsp;<\/p>\n<p><a href=\"http:\/\/www.comptoirsinde.org\/wp\/wp-content\/uploads\/2017\/11\/2017_11_12_Francis_SIMON-Flyer_IMP-page-002.jpg\"><img loading=\"lazy\" class=\"size-medium wp-image-1568 alignnone\" src=\"http:\/\/www.comptoirsinde.org\/wp\/wp-content\/uploads\/2017\/11\/2017_11_12_Francis_SIMON-Flyer_IMP-page-002-220x300.jpg\" alt=\"\" width=\"220\" height=\"300\" srcset=\"https:\/\/www.comptoirsinde.org\/wp\/wp-content\/uploads\/2017\/11\/2017_11_12_Francis_SIMON-Flyer_IMP-page-002-220x300.jpg 220w, https:\/\/www.comptoirsinde.org\/wp\/wp-content\/uploads\/2017\/11\/2017_11_12_Francis_SIMON-Flyer_IMP-page-002-600x819.jpg 600w, https:\/\/www.comptoirsinde.org\/wp\/wp-content\/uploads\/2017\/11\/2017_11_12_Francis_SIMON-Flyer_IMP-page-002-768x1048.jpg 768w, https:\/\/www.comptoirsinde.org\/wp\/wp-content\/uploads\/2017\/11\/2017_11_12_Francis_SIMON-Flyer_IMP-page-002-750x1024.jpg 750w, https:\/\/www.comptoirsinde.org\/wp\/wp-content\/uploads\/2017\/11\/2017_11_12_Francis_SIMON-Flyer_IMP-page-002.jpg 973w\" sizes=\"(max-width: 220px) 100vw, 220px\" \/><\/a><a href=\"http:\/\/www.comptoirsinde.org\/wp\/wp-content\/uploads\/2017\/11\/2017_11_12_Francis_SIMON-Flyer_IMP-page-001.jpg\"><img loading=\"lazy\" class=\"size-medium wp-image-1569 alignleft\" src=\"http:\/\/www.comptoirsinde.org\/wp\/wp-content\/uploads\/2017\/11\/2017_11_12_Francis_SIMON-Flyer_IMP-page-001-220x300.jpg\" alt=\"\" width=\"220\" height=\"300\" srcset=\"https:\/\/www.comptoirsinde.org\/wp\/wp-content\/uploads\/2017\/11\/2017_11_12_Francis_SIMON-Flyer_IMP-page-001-220x300.jpg 220w, https:\/\/www.comptoirsinde.org\/wp\/wp-content\/uploads\/2017\/11\/2017_11_12_Francis_SIMON-Flyer_IMP-page-001-600x819.jpg 600w, https:\/\/www.comptoirsinde.org\/wp\/wp-content\/uploads\/2017\/11\/2017_11_12_Francis_SIMON-Flyer_IMP-page-001-768x1048.jpg 768w, https:\/\/www.comptoirsinde.org\/wp\/wp-content\/uploads\/2017\/11\/2017_11_12_Francis_SIMON-Flyer_IMP-page-001-750x1024.jpg 750w, https:\/\/www.comptoirsinde.org\/wp\/wp-content\/uploads\/2017\/11\/2017_11_12_Francis_SIMON-Flyer_IMP-page-001.jpg 973w\" sizes=\"(max-width: 220px) 100vw, 220px\" \/><\/a><\/p>\n","protected":false},"excerpt":{"rendered":"<p>RAVIVAGE DE LA FLAMME \u00c0 L&rsquo;ARC DE TRIOMPHE Dans le cadre de la convention sign\u00e9e entre le Souvenir Fran\u00e7ais et l\u2019Association Les Comptoirs de l\u2019Inde Vous \u00eates cordialement invit\u00e9s au ravivage de la flamme sous l\u2019Arc de Triomphe * 26 Novembre 2017 \u00e0 18h30 Le rendez-vous sur place est fix\u00e9 \u00e0 17h45 En inscrivant cette &hellip;<\/p>\n","protected":false},"author":3,"featured_media":0,"comment_status":"open","ping_status":"closed","sticky":false,"template":"","format":"standard","meta":[],"categories":[19],"tags":[],"_links":{"self":[{"href":"https:\/\/www.comptoirsinde.org\/index.php?rest_route=\/wp\/v2\/posts\/1564"}],"collection":[{"href":"https:\/\/www.comptoirsinde.org\/index.php?rest_route=\/wp\/v2\/posts"}],"about":[{"href":"https:\/\/www.comptoirsinde.org\/index.php?rest_route=\/wp\/v2\/types\/post"}],"author":[{"embeddable":true,"href":"https:\/\/www.comptoirsinde.org\/index.php?rest_route=\/wp\/v2\/users\/3"}],"replies":[{"embeddable":true,"href":"https:\/\/www.comptoirsinde.org\/index.php?rest_route=%2Fwp%2Fv2%2Fcomments&post=1564"}],"version-history":[{"count":6,"href":"https:\/\/www.comptoirsinde.org\/index.php?rest_route=\/wp\/v2\/posts\/1564\/revisions"}],"predecessor-version":[{"id":1572,"href":"https:\/\/www.comptoirsinde.org\/index.php?rest_route=\/wp\/v2\/posts\/1564\/revisions\/1572"}],"wp:attachment":[{"href":"https:\/\/www.comptoirsinde.org\/index.php?rest_route=%2Fwp%2Fv2%2Fmedia&parent=1564"}],"wp:term":[{"taxonomy":"category","embeddable":true,"href":"https:\/\/www.comptoirsinde.org\/index.php?rest_route=%2Fwp%2Fv2%2Fcategories&post=1564"},{"taxonomy":"post_tag","embeddable":true,"href":"https:\/\/www.comptoirsinde.org\/index.php?rest_route=%2Fwp%2Fv2%2Ftags&post=1564"}],"curies":[{"name":"wp","href":"https:\/\/api.w.org\/{rel}","templated":true}]}}