{"id":1587,"date":"2018-01-16T10:01:37","date_gmt":"2018-01-16T10:01:37","guid":{"rendered":"http:\/\/www.comptoirsinde.org\/?p=1587"},"modified":"2020-05-24T11:54:52","modified_gmt":"2020-05-24T09:54:52","slug":"mandela-et-gandhi","status":"publish","type":"post","link":"https:\/\/www.comptoirsinde.org\/?p=1587","title":{"rendered":"Sortie livre : Mandela et Gandhi"},"content":{"rendered":"<p><span style=\"color: #993300;\"><strong>Eric Vinson et Sophie Viguier-Vinson<\/strong><\/span> pr\u00e9sentent <span style=\"text-decoration: underline;\"><a href=\"http:\/\/www.albin-michel.fr\/ouvrages\/mandela-et-gandhi-9782226326621\" target=\"_blank\" rel=\"noopener noreferrer\"><strong>Mandela et Gandhi<\/strong><\/a><\/span><\/p>\n<p>Sortie en librairie le 3 janvier 2018 (288 pages-18\u20ac)<\/p>\n<p><strong>Deux h\u00e9ros de la libert\u00e9<\/strong>, deux \u00ab saints la\u00efcs \u00bb selon certains, \u00e9rig\u00e9s en ic\u00f4nes mondiales.<\/p>\n<p>Mais aussi deux hommes bien r\u00e9els \u2013 avec leurs parts d\u2019ombre et de lumi\u00e8re \u2013, dont l\u2019exp\u00e9rience politique a \u00e9t\u00e9 forg\u00e9e au creuset d\u2019une terre commune, l\u2019Afrique du Sud.<\/p>\n<p>C\u2019est en effet dans ce pays qu\u2019au tout d\u00e9but du XXe si\u00e8cle le jeune Gandhi, alors avocat pour la communaut\u00e9 indienne locale, a invent\u00e9 le satyagraha, une m\u00e9thode de d\u00e9sob\u00e9issance civile non violente qui plus tard influencera fortement l\u2019ANC et Mandela.<br \/>\nRapprocher les parcours de ces deux leaders, comme le font ici les auteurs avec pr\u00e9cision et discernement, permet de poser quelques questions fondamentales pour le monde d&rsquo;aujourd\u2019hui. Gandhi et Mandela \u00e0 sa suite auraient-ils invent\u00e9 une nouvelle forme d\u2019action d\u00e9mocratique ? Dans leurs combats politiques, quel r\u00f4le ont jou\u00e9 la vertu personnelle, la spiritualit\u00e9, \u00ab la sagesse \u00bb, et quelles le\u00e7ons peut-on en tirer ? En quoi chacun a-t-il \u00e9chou\u00e9 ou r\u00e9ussi, et leurs h\u00e9ritages respectifs ne pourraient-ils pas, sous b\u00e9n\u00e9fice d\u2019inventaire, fonder une \u00ab autre politique \u00bb ?<\/p>\n<p><a href=\"http:\/\/www.comptoirsinde.org\/wp\/wp-content\/uploads\/2018\/01\/2017_12_18_Mandela-et-Gandhi.jpg\"><img loading=\"lazy\" class=\"aligncenter wp-image-1591 \" src=\"http:\/\/www.comptoirsinde.org\/wp\/wp-content\/uploads\/2018\/01\/2017_12_18_Mandela-et-Gandhi-193x300.jpg\" alt=\"\" width=\"248\" height=\"384\" \/><\/a><\/p>\n","protected":false},"excerpt":{"rendered":"<p>Eric Vinson et Sophie Viguier-Vinson pr\u00e9sentent Mandela et Gandhi Sortie en librairie le 3 janvier 2018 (288 pages-18\u20ac) Deux h\u00e9ros de la libert\u00e9, deux \u00ab saints la\u00efcs \u00bb selon certains, \u00e9rig\u00e9s en ic\u00f4nes mondiales. Mais aussi deux hommes bien r\u00e9els \u2013 avec leurs parts d\u2019ombre et de lumi\u00e8re \u2013, dont l\u2019exp\u00e9rience politique a \u00e9t\u00e9 forg\u00e9e &hellip;<\/p>\n","protected":false},"author":3,"featured_media":0,"comment_status":"open","ping_status":"closed","sticky":false,"template":"","format":"standard","meta":[],"categories":[19,50],"tags":[],"_links":{"self":[{"href":"https:\/\/www.comptoirsinde.org\/index.php?rest_route=\/wp\/v2\/posts\/1587"}],"collection":[{"href":"https:\/\/www.comptoirsinde.org\/index.php?rest_route=\/wp\/v2\/posts"}],"about":[{"href":"https:\/\/www.comptoirsinde.org\/index.php?rest_route=\/wp\/v2\/types\/post"}],"author":[{"embeddable":true,"href":"https:\/\/www.comptoirsinde.org\/index.php?rest_route=\/wp\/v2\/users\/3"}],"replies":[{"embeddable":true,"href":"https:\/\/www.comptoirsinde.org\/index.php?rest_route=%2Fwp%2Fv2%2Fcomments&post=1587"}],"version-history":[{"count":4,"href":"https:\/\/www.comptoirsinde.org\/index.php?rest_route=\/wp\/v2\/posts\/1587\/revisions"}],"predecessor-version":[{"id":2581,"href":"https:\/\/www.comptoirsinde.org\/index.php?rest_route=\/wp\/v2\/posts\/1587\/revisions\/2581"}],"wp:attachment":[{"href":"https:\/\/www.comptoirsinde.org\/index.php?rest_route=%2Fwp%2Fv2%2Fmedia&parent=1587"}],"wp:term":[{"taxonomy":"category","embeddable":true,"href":"https:\/\/www.comptoirsinde.org\/index.php?rest_route=%2Fwp%2Fv2%2Fcategories&post=1587"},{"taxonomy":"post_tag","embeddable":true,"href":"https:\/\/www.comptoirsinde.org\/index.php?rest_route=%2Fwp%2Fv2%2Ftags&post=1587"}],"curies":[{"name":"wp","href":"https:\/\/api.w.org\/{rel}","templated":true}]}}