{"id":2037,"date":"2019-01-19T13:14:28","date_gmt":"2019-01-19T13:14:28","guid":{"rendered":"http:\/\/www.comptoirsinde.org\/?p=2037"},"modified":"2020-05-24T12:03:03","modified_gmt":"2020-05-24T10:03:03","slug":"au-bangladesh-des-milliers-douvriers-du-textile-en-greve-pour-reclamer-de-meilleurs-salaires","status":"publish","type":"post","link":"https:\/\/www.comptoirsinde.org\/?p=2037","title":{"rendered":"Des milliers d\u2019ouvriers du textile en gr\u00e8ve"},"content":{"rendered":"<p>Depuis une semaine, une cinquantaine d\u2019usines ont d\u00fb suspendre leur activit\u00e9 en raison des manifestations.<\/p>\n<p><img loading=\"lazy\" class=\"alignright size-medium wp-image-2038\" src=\"http:\/\/www.comptoirsinde.org\/wp\/wp-content\/uploads\/2019\/01\/gr\u00e8ve_ouvrier_textile_bangladesh-300x200.jpg\" alt=\"gr\u00e8ve d'ouvrier textile - bangladesh\" width=\"300\" height=\"200\" srcset=\"https:\/\/www.comptoirsinde.org\/wp\/wp-content\/uploads\/2019\/01\/gr\u00e8ve_ouvrier_textile_bangladesh-300x200.jpg 300w, https:\/\/www.comptoirsinde.org\/wp\/wp-content\/uploads\/2019\/01\/gr\u00e8ve_ouvrier_textile_bangladesh-600x400.jpg 600w, https:\/\/www.comptoirsinde.org\/wp\/wp-content\/uploads\/2019\/01\/gr\u00e8ve_ouvrier_textile_bangladesh.jpg 688w\" sizes=\"(max-width: 300px) 100vw, 300px\" \/><\/p>\n<p>Depuis une semaine les salari\u00e9s du textile au Bangladesh se mobilisent pour demander de meilleurs salaires, comme ici le 10 janvier \u00e0 Dacca. MOHAMMAD PONIR HOSSAIN \/ REUTERS<\/p>\n<p>Des milliers d\u2019ouvriers du textile au Bangladesh, qui confectionnent des v\u00eatements pour les enseignes d\u2019habillement mondiales, ont d\u00e9bray\u00e9 dimanche\u00a013\u00a0janvier et manifest\u00e9 pour r\u00e9clamer de meilleurs salaires. Cette nouvelle action s\u2019inscrit dans le cadre d\u2019un mouvement commenc\u00e9 il y a une semaine.<\/p>\n<p><em>\u00ab\u00a0Les ouvriers ont dress\u00e9 des barricades sur l\u2019autoroute, nous avons d\u00fb les faire partir pour faciliter la circulation<\/em>, a fait savoir \u00e0 l\u2019Agence France-Presse (AFP) un responsable de la police, Sana Shaminur Rahman. <em>Jusqu\u2019\u00e0 pr\u00e9sent 52\u00a0usines, pour certaines importantes, ont cess\u00e9 leur activit\u00e9 \u00e0\u00a0<\/em><em>cause des manifestations.\u00a0\u00bb<\/em><\/p>\n<p>La police a affirm\u00e9 avoir utilis\u00e9 des canons \u00e0 eau et du gaz lacrymog\u00e8ne pour disperser la foule d\u2019ouvriers en gr\u00e8ve \u00e0 Savar, un faubourg de Dacca o\u00f9 s\u2019\u00e9tait produit<a href=\"https:\/\/www.lemonde.fr\/asie-pacifique\/article\/2015\/06\/02\/bangladesh-les-responsables-du-drame-du-rana-plaza-poursuivis-pour-assassinat_4645832_3216.html\"> l\u2019effondrement du complexe textile du Rana Plaza<\/a>, l\u2019une des pires catastrophes industrielles au monde, qui avait tu\u00e9 plus de\u00a01\u00a0130\u00a0personnes en\u00a0avril\u00a02013.<\/p>\n<p>Le dirigeant syndical Aminul Islam a accus\u00e9 les propri\u00e9taires des usines de recourir \u00e0 la violence contre les gr\u00e9vistes. Les ouvriers mobilis\u00e9s depuis une semaine <em>\u00ab\u00a0sont plus unis que jamais\u00a0\u00bb<\/em>, a-t-il dit \u00e0 l\u2019AFP, estimant qu\u2019ils <em>\u00ab\u00a0ne quitteront pas la rue tant que leurs revendications ne seront pas satisfaites\u00a0\u00bb<\/em>.<\/p>\n<h2>Un salaire minimal de 83\u00a0euros par mois<\/h2>\n<p>Les salaires minimaux pour les ouvriers les plus mal pay\u00e9s ont augment\u00e9 d\u2019un peu plus de\u00a050\u00a0% ce mois-ci, pour atteindre 8\u00a0000\u00a0takas (83\u00a0euros) par mois. Mais les ouvriers interm\u00e9diaires se plaignent de n\u2019avoir eu qu\u2019une augmentation d\u00e9risoire au regard de l\u2019augmentation du co\u00fbt de la vie, notamment celui du logement.<\/p>\n<p>&gt; Dimanche soir, le gouvernement a annonc\u00e9 une hausse des salaires pour ces derniers, apr\u00e8s une rencontre entre dirigeants d\u2019usines et syndicats. Tous les syndicats n\u2019ont pas dit s\u2019ils soutenaient l\u2019accord. Babul Akhter, un responsable syndical pr\u00e9sent \u00e0 la r\u00e9union, a estim\u00e9 que l\u2019accord devrait satisfaire les gr\u00e9vistes. <em>\u00ab\u00a0Ils ne devraient pas le rejeter, et devraient calmement retourner au travail\u00a0\u00bb<\/em>, a-t-il estim\u00e9.<\/p>\n<p>&gt; L\u2019\u00e9conomie du Bangladesh, pays de 165\u00a0millions d\u2019habitants, repose largement sur l\u2019industrie textile. Des millions d\u2019ouvriers sont employ\u00e9s \u00e0 bas co\u00fbts dans pr\u00e8s de\u00a04\u00a0500\u00a0ateliers, fabriquant \u00e0 tour de bras des v\u00eatements pour les distributeurs occidentaux comme H&amp;M, Primark, Walmart, Tesco, Carrefour et Aldi. Les 30\u00a0milliards de dollars d\u2019exportations du secteur textile repr\u00e9sentent 80\u00a0% des exportations totales du pays.<\/p>\n","protected":false},"excerpt":{"rendered":"<p>Depuis une semaine, une cinquantaine d\u2019usines ont d\u00fb suspendre leur activit\u00e9 en raison des manifestations. Depuis une semaine les salari\u00e9s du textile au Bangladesh se mobilisent pour demander de meilleurs salaires, comme ici le 10 janvier \u00e0 Dacca. MOHAMMAD PONIR HOSSAIN \/ REUTERS Des milliers d\u2019ouvriers du textile au Bangladesh, qui confectionnent des v\u00eatements pour &hellip;<\/p>\n","protected":false},"author":2,"featured_media":0,"comment_status":"open","ping_status":"closed","sticky":false,"template":"","format":"standard","meta":[],"categories":[52],"tags":[60],"_links":{"self":[{"href":"https:\/\/www.comptoirsinde.org\/index.php?rest_route=\/wp\/v2\/posts\/2037"}],"collection":[{"href":"https:\/\/www.comptoirsinde.org\/index.php?rest_route=\/wp\/v2\/posts"}],"about":[{"href":"https:\/\/www.comptoirsinde.org\/index.php?rest_route=\/wp\/v2\/types\/post"}],"author":[{"embeddable":true,"href":"https:\/\/www.comptoirsinde.org\/index.php?rest_route=\/wp\/v2\/users\/2"}],"replies":[{"embeddable":true,"href":"https:\/\/www.comptoirsinde.org\/index.php?rest_route=%2Fwp%2Fv2%2Fcomments&post=2037"}],"version-history":[{"count":4,"href":"https:\/\/www.comptoirsinde.org\/index.php?rest_route=\/wp\/v2\/posts\/2037\/revisions"}],"predecessor-version":[{"id":2587,"href":"https:\/\/www.comptoirsinde.org\/index.php?rest_route=\/wp\/v2\/posts\/2037\/revisions\/2587"}],"wp:attachment":[{"href":"https:\/\/www.comptoirsinde.org\/index.php?rest_route=%2Fwp%2Fv2%2Fmedia&parent=2037"}],"wp:term":[{"taxonomy":"category","embeddable":true,"href":"https:\/\/www.comptoirsinde.org\/index.php?rest_route=%2Fwp%2Fv2%2Fcategories&post=2037"},{"taxonomy":"post_tag","embeddable":true,"href":"https:\/\/www.comptoirsinde.org\/index.php?rest_route=%2Fwp%2Fv2%2Ftags&post=2037"}],"curies":[{"name":"wp","href":"https:\/\/api.w.org\/{rel}","templated":true}]}}