{"id":2678,"date":"2020-08-13T08:53:06","date_gmt":"2020-08-13T06:53:06","guid":{"rendered":"https:\/\/www.comptoirsinde.org\/?p=2678"},"modified":"2020-08-13T08:53:07","modified_gmt":"2020-08-13T06:53:07","slug":"la-celebration-2020-de-lindependance-de-linde-restreinte","status":"publish","type":"post","link":"https:\/\/www.comptoirsinde.org\/?p=2678","title":{"rendered":"La c\u00e9l\u00e9bration 2020 de l\u2019ind\u00e9pendance de l\u2019inde restreinte"},"content":{"rendered":"<p>L\u2019Ambassade de l\u2019Inde \u00e0 Paris c\u00e9l\u00e8bre la C\u00e9r\u00e9monie du 74\u00e8me Anniversaire de l\u2019Ind\u00e9pendance de l\u2019Inde du 15 ao\u00fbt 2020 dans un cadre restreint, du fait de la pand\u00e9mie du COVID-19.Elle sera uniquement r\u00e9serv\u00e9e aux membres de l\u2019Ambassade en fonction des dispositions r\u00e9glementaires prises par le Gouvernement Fran\u00e7ais.<\/p>\n<p>L\u2019Ambassade de l\u2019Inde esp\u00e8re que la c\u00e9l\u00e9bration de la journ\u00e9e de la R\u00e9publique se tiendra dans de meilleures conditions le 26 janvier 2021.<\/p>\n","protected":false},"excerpt":{"rendered":"<p>L\u2019Ambassade de l\u2019Inde \u00e0 Paris c\u00e9l\u00e8bre la C\u00e9r\u00e9monie du 74\u00e8me Anniversaire de l\u2019Ind\u00e9pendance de l\u2019Inde du 15 ao\u00fbt 2020 dans un cadre restreint, du fait de la pand\u00e9mie du COVID-19.Elle sera uniquement r\u00e9serv\u00e9e aux membres de l\u2019Ambassade en fonction des dispositions r\u00e9glementaires prises par le Gouvernement Fran\u00e7ais. L\u2019Ambassade de l\u2019Inde esp\u00e8re que la c\u00e9l\u00e9bration de &hellip;<\/p>\n","protected":false},"author":2,"featured_media":0,"comment_status":"closed","ping_status":"closed","sticky":false,"template":"","format":"standard","meta":[],"categories":[19],"tags":[81],"_links":{"self":[{"href":"https:\/\/www.comptoirsinde.org\/index.php?rest_route=\/wp\/v2\/posts\/2678"}],"collection":[{"href":"https:\/\/www.comptoirsinde.org\/index.php?rest_route=\/wp\/v2\/posts"}],"about":[{"href":"https:\/\/www.comptoirsinde.org\/index.php?rest_route=\/wp\/v2\/types\/post"}],"author":[{"embeddable":true,"href":"https:\/\/www.comptoirsinde.org\/index.php?rest_route=\/wp\/v2\/users\/2"}],"replies":[{"embeddable":true,"href":"https:\/\/www.comptoirsinde.org\/index.php?rest_route=%2Fwp%2Fv2%2Fcomments&post=2678"}],"version-history":[{"count":3,"href":"https:\/\/www.comptoirsinde.org\/index.php?rest_route=\/wp\/v2\/posts\/2678\/revisions"}],"predecessor-version":[{"id":2697,"href":"https:\/\/www.comptoirsinde.org\/index.php?rest_route=\/wp\/v2\/posts\/2678\/revisions\/2697"}],"wp:attachment":[{"href":"https:\/\/www.comptoirsinde.org\/index.php?rest_route=%2Fwp%2Fv2%2Fmedia&parent=2678"}],"wp:term":[{"taxonomy":"category","embeddable":true,"href":"https:\/\/www.comptoirsinde.org\/index.php?rest_route=%2Fwp%2Fv2%2Fcategories&post=2678"},{"taxonomy":"post_tag","embeddable":true,"href":"https:\/\/www.comptoirsinde.org\/index.php?rest_route=%2Fwp%2Fv2%2Ftags&post=2678"}],"curies":[{"name":"wp","href":"https:\/\/api.w.org\/{rel}","templated":true}]}}