{"id":2800,"date":"2021-03-26T19:54:42","date_gmt":"2021-03-26T18:54:42","guid":{"rendered":"http:\/\/www.comptoirsinde.org\/?p=2800"},"modified":"2021-03-26T19:56:44","modified_gmt":"2021-03-26T18:56:44","slug":"nouvelles-de-linde","status":"publish","type":"post","link":"https:\/\/www.comptoirsinde.org\/?p=2800","title":{"rendered":"Nouvelles de l&rsquo;Inde"},"content":{"rendered":"\n\n\n<p><b>Le changement des noms continue<\/b><\/p>\n<p>&nbsp;<\/p>\n<p>Le plus grand stade de cricket du monde situ\u00e9 \u00e0 AHMEDABAD au GUJURAT, a chang\u00e9 de nom le mercredi 24 f\u00e9vrier 2021.<\/p>\n<p>&nbsp;<\/p>\n<p>Le stade SARDAR VALLABHA\u00cf PATEL (1er Pr\u00e9sident de la r\u00e9publique indienne) s\u2019appellera dor\u00e9navant le stade NARENDRA MODI qui a \u00e9t\u00e9 durant 10 ans le Chief Minister du GUJURAT.<\/p>\n<p>Ce stade comporte de nombreux espaces sportifs&nbsp;: hockey, course, cricket, v\u00e9lodrome, athl\u00e9tisme, piscine ferm\u00e9e, tennis, etc \u2026.<\/p>\n<p>Situ\u00e9 au Nord-Est d\u2019AHMEDABAD, sur les rives de la rivi\u00e8re SABARMATI, le stade a une capacit\u00e9 de 110.000 personnes.<\/p>\n<p>Certains disent que le changement de nom s\u2019explique par le fait que Sardar PATEL, lorsqu\u2019il \u00e9tait Ministre de l\u2019Int\u00e9rieur (Parti du Congr\u00e8s), avait proc\u00e9d\u00e9 \u00e0 la dissolution du parti RSS (parti nationaliste Hindou) qui est \u00e0 l\u2019origine du BJP d\u2019aujourd\u2019hui.<\/p>\n<p>&nbsp;<\/p>\n<p><b>Une loi anti-conversion vot\u00e9e en UTTAR PRADESH (U.P.)<\/b><\/p>\n<p>&nbsp;<\/p>\n<p>L\u2019Assembl\u00e9e L\u00e9gislative de l\u2019Etat de l\u2019Uttar Pradesh a vot\u00e9 une loi le mercredi 24 f\u00e9vrier 2021 qui prohibe toute conversion religieuse frauduleuse. Cette loi se substitue \u00e0 l\u2019ordonnance promulgu\u00e9e sur ce sujet en novembre 2020 par le Chief Minister de cet Etat, le moine Hindou&nbsp;:&nbsp;<\/p>\n<p>Yogi ADITIYANATH.<\/p>\n<p>Tout mariage pr\u00e9c\u00e9d\u00e9 d\u2019une conversion religieuse frauduleuse (crit\u00e8res tr\u00e8s larges) sera nul et non avenu. Les contrevenants seront condamn\u00e9s \u00e0 10 ans de prison et 50.000 roupies d\u2019amende.<\/p>\n<p>Cette loi qui est une atteinte \u00e0 la libert\u00e9 religieuse pr\u00e9vue par la constitution, a \u00e9t\u00e9 vot\u00e9e malgr\u00e9 l\u2019opposition des partis politiques du Congr\u00e8s et du B.S.P.<\/p>\n<p>Cette loi est susceptible d\u2019\u00eatre vot\u00e9e dans les Etats dirig\u00e9s par le BJP.<\/p>\n<p>&nbsp;<\/p>\n<p><b>L\u2019Inde va exporter la banane \u00ab&nbsp;NENDRAN&nbsp;\u00bb<\/b><\/p>\n<p>&nbsp;<\/p>\n<p>A la suite d\u2019une p\u00e9nurie d\u2019approvisionnement en Am\u00e9rique Latine, un nouveau march\u00e9 de la banane s\u2019ouvre en Europe.<\/p>\n<p>&nbsp;<\/p>\n<p>Un protocole a \u00e9t\u00e9 \u00e9tabli pour l\u2019exportation de la vari\u00e9t\u00e9 \u00ab&nbsp;NENDRAN&nbsp;\u00bb par le secteur public \u00e0 MUVATTUPUZHA (K\u00e9rala) pour 2.000 tonnes chaque ann\u00e9e.<\/p>\n<p>Les bananes \u00e9taient export\u00e9es vers les pays du golfe. L\u2019Union Europ\u00e9enne va pr\u00e9senter un tr\u00e8s important d\u00e9bouch\u00e9 pour les producteurs et exportateurs indiens.<\/p>\n<p>Le nouveau march\u00e9 va ainsi garantir de meilleurs prix aux agriculteurs indiens.<\/p>\n<p>La r\u00e9duction du co\u00fbt logistique par la route maritime constitue un atout majeur pour leurs revenus.<\/p>\n<p>Cette exp\u00e9rience a d\u00e9but\u00e9 en mai 2020 avec les agriculteurs s\u00e9lectionn\u00e9s du district de THRISSUR. Elle a re\u00e7u l\u2019aide technique du Centre National de la Recherche sur la banane de Trichy (Tamil Nadu).<\/p>\n<p>C\u2019est ainsi que 10 tonnes de bananes vont \u00eatre exp\u00e9di\u00e9es apr\u00e8s traitement, conditionnement et emballage \u00e0 Londres. Le produit sera lanc\u00e9 dans les grandes cha\u00eenes de vente dans le sud de l\u2019Angleterre et en Ecosse.<\/p>\n<p>&nbsp;<\/p>\n<p><b>Derni\u00e8re nouvelle<\/b><\/p>\n<p>&nbsp;<\/p>\n<p>Visite exceptionnelle du Premier Ministre, Narendra MODI, \u00e0 Pondich\u00e9ry le 30 mars 2021 pour faire campagne pour le parti B.J.P. et ses alli\u00e9s, pour le prochain scrutin de l\u2019Assembl\u00e9e.<\/p>\n<p>D\u00e9claration du Secr\u00e9taire G\u00e9n\u00e9ral du B.J.P., Embalam R. SELVAM. La r\u00e9union publique se tiendra \u00e0 17h30 sur le terrain des textiles anglo-fran\u00e7ais.<\/p>\n","protected":false},"excerpt":{"rendered":"<p>Le changement des noms continue &nbsp; Le plus grand stade de cricket du monde situ\u00e9 \u00e0 AHMEDABAD au GUJURAT, a chang\u00e9 de nom le mercredi 24 f\u00e9vrier 2021. &nbsp; Le stade SARDAR VALLABHA\u00cf PATEL (1er Pr\u00e9sident de la r\u00e9publique indienne) s\u2019appellera dor\u00e9navant le stade NARENDRA MODI qui a \u00e9t\u00e9 durant 10 ans le Chief Minister &hellip;<\/p>\n","protected":false},"author":6,"featured_media":0,"comment_status":"closed","ping_status":"closed","sticky":false,"template":"","format":"standard","meta":[],"categories":[52,37,32],"tags":[],"_links":{"self":[{"href":"https:\/\/www.comptoirsinde.org\/index.php?rest_route=\/wp\/v2\/posts\/2800"}],"collection":[{"href":"https:\/\/www.comptoirsinde.org\/index.php?rest_route=\/wp\/v2\/posts"}],"about":[{"href":"https:\/\/www.comptoirsinde.org\/index.php?rest_route=\/wp\/v2\/types\/post"}],"author":[{"embeddable":true,"href":"https:\/\/www.comptoirsinde.org\/index.php?rest_route=\/wp\/v2\/users\/6"}],"replies":[{"embeddable":true,"href":"https:\/\/www.comptoirsinde.org\/index.php?rest_route=%2Fwp%2Fv2%2Fcomments&post=2800"}],"version-history":[{"count":2,"href":"https:\/\/www.comptoirsinde.org\/index.php?rest_route=\/wp\/v2\/posts\/2800\/revisions"}],"predecessor-version":[{"id":2803,"href":"https:\/\/www.comptoirsinde.org\/index.php?rest_route=\/wp\/v2\/posts\/2800\/revisions\/2803"}],"wp:attachment":[{"href":"https:\/\/www.comptoirsinde.org\/index.php?rest_route=%2Fwp%2Fv2%2Fmedia&parent=2800"}],"wp:term":[{"taxonomy":"category","embeddable":true,"href":"https:\/\/www.comptoirsinde.org\/index.php?rest_route=%2Fwp%2Fv2%2Fcategories&post=2800"},{"taxonomy":"post_tag","embeddable":true,"href":"https:\/\/www.comptoirsinde.org\/index.php?rest_route=%2Fwp%2Fv2%2Ftags&post=2800"}],"curies":[{"name":"wp","href":"https:\/\/api.w.org\/{rel}","templated":true}]}}