{"id":2822,"date":"2021-04-02T13:52:57","date_gmt":"2021-04-02T11:52:57","guid":{"rendered":"http:\/\/www.comptoirsinde.org\/?p=2822"},"modified":"2021-04-02T13:52:58","modified_gmt":"2021-04-02T11:52:58","slug":"didi-contre-modi-des-elections-tendues-souvrent-au-bengale-occidental","status":"publish","type":"post","link":"https:\/\/www.comptoirsinde.org\/?p=2822","title":{"rendered":"\u00ab Didi \u00bb contre Modi, des \u00e9lections tendues s\u2019ouvrent au Bengale occidental"},"content":{"rendered":"\n<h2>L\u2019\u00c9tat du Bengale occidental, dans l\u2019est de l\u2019Inde, vote, samedi 27&nbsp;mars, pour renouveler son Assembl\u00e9e l\u00e9gislative. La dirigeante Mamata Banerjee, surnomm\u00e9e \u00ab&nbsp;Didi&nbsp;\u00bb, tente de conserver la majorit\u00e9 face au parti nationaliste hindou du premier ministre Narendra Modi, le BJP.<\/h2>\n\n\n\n<p>Ad\u00e9la\u00efde de Valence, le 27\/03\/2021<\/p>\n\n\n\n<p>Depuis des mois, les faits de violence qui se multiplient au Bengale occidental &#8211; intimidations, menaces, corps sans vie flottants dans de sombres rivi\u00e8res &#8211; attestent du climat tr\u00e8s tendu dans cet \u00c9tat de 90 millions d\u2019habitants, dans l\u2019est de l\u2019Inde, alors que d\u00e9marrent des \u00e9lections l\u00e9gislatives, qui s\u2019y d\u00e9rouleront \u00e0 huit dates diff\u00e9rentes sur un mois, entre ce samedi 27 mars et le 29 avril.<\/p>\n\n\n\n<p>&nbsp;Ces \u00e9lections opposent le parti All India Trinamool Congress (AITC), au pouvoir dans cet \u00c9tat indien, incarn\u00e9 par Mamata Banerjee, au Bharatiya Janata Party (BJP), le parti nationaliste hindouiste du premier ministre indien Narendra Modi. La <em>\u00ab tigresse du Bengale \u00bb<\/em>, nomm\u00e9e ainsi par son adversaire, est bien d\u00e9termin\u00e9e \u00e0 ne pas laisser sa place, qu\u2019elle occupe depuis dix ans et maintenant deux mandats.<\/p>\n\n\n\n<p>Mamata Banerjee, affectueusement surnomm\u00e9e \u00ab Didi \u00bb &#8211; \u00ab grande s\u0153ur \u00bb &nbsp;Depuis les \u00e9lections nationales de 2014, l\u2019influence de Narendra Modi s\u2019accro\u00eet dans le pays, o\u00f9 son parti s\u2019impose, r\u00e9gion apr\u00e8s r\u00e9gion. Il y est majoritaire dans 17 \u00c9tats ou territoires, sur les 36 que compte l\u2019Inde. Aux pr\u00e9c\u00e9dentes \u00e9lections l\u00e9gislatives, en 2016, Mamata Banerjee, affectueusement surnomm\u00e9e \u00ab Didi \u00bb &#8211; \u00ab grande s\u0153ur \u00bb &#8211; par ses \u00e9lecteurs, avait obtenu haut la main 80 % des 269 si\u00e8ges de l\u2019assembl\u00e9e. Le BJP en avait difficilement obtenu trois.<\/p>\n\n\n\n<p>Cette \u00e9crasante victoire ne devrait pas se reproduire, si l\u2019on en croit les derniers sondages d\u2019opinion qui donnent l\u2019AITC victorieux \u00e0 42 % des voix, contre 37 % pour le BJP. Une estimation serr\u00e9e qui ne laisse pas indiff\u00e9rents les 90 millions de Bengalis, dont la r\u00e9gion, historiquement, a toujours \u00e9t\u00e9 gouvern\u00e9e depuis 1977 par des partis d\u2019opposition au gouvernement national. <em>\u00ab Cela serait terrible pour le Bengale. C\u2019est un \u00c9tat qui a toujours \u00e9t\u00e9 tr\u00e8s tol\u00e9rant et respectueux des minorit\u00e9s \u00bb<\/em> s\u2019inqui\u00e8te une source locale, qui se dit <em>\u00ab effray\u00e9e d\u2019une possible issue du vote en faveur du BJP. \u00bb<\/em><\/p>\n\n\n\n<p>Un rempart au parti nationaliste hindou<\/p>\n\n\n\n<p>&nbsp;\u00c0 66 ans, la charismatique Mamata Banerjee avait pris la gouvernance de la r\u00e9gion apr\u00e8s 34 ans de gouvernance communiste, gagnant ainsi sa r\u00e9putation de bagarreuse. <em>\u00ab C\u2019est une position qu\u2019elle a obtenue en s\u2019appuyant sur le vote des masses rurales et en choyant un \u00e9lectorat musulman minoritaire \u00bb<\/em>, qui repr\u00e9sente 28 % de la population d\u2019un \u00e9tat \u00e0 majorit\u00e9 hindoue, retrace Philippe Benoit, responsable de la section de bengali de l\u2019Institut National des Langues et Civilisations Orientales (Inalco).<\/p>\n\n\n\n<p>&nbsp;C\u2019est notamment sur ce dernier point que Mamata Banerjee est attaqu\u00e9e par ses adversaires. Elle est accus\u00e9e de \u00ab laxisme \u00bb envers la communaut\u00e9 immigr\u00e9e, \u00e0 majorit\u00e9 musulmane, en provenance du Bangladesh, et que ses opposants n\u2019h\u00e9sitent pas \u00e0 qualifier de <em>\u00ab termites \u00bb. <\/em>Une id\u00e9ologie nationaliste hindoue teint\u00e9e de racisme, que pr\u00f4ne par le parti BJP et qui inqui\u00e8te. Au cours de la campagne \u00e9lectorale, le Ministre de l\u2019int\u00e9rieur Amit Shah a promis dans un tweet : <em>\u00ab Un Bengale s\u00fbr, un Bengale sans apaisement <\/em>(entre communaut\u00e9s, NDLR)<em>, un Bengale sans infiltration <\/em>(de migrants, NDLR)<em>, nous ram\u00e8nerons le Bengale qui a rendu toute la nation fi\u00e8re. \u00bb<\/em><\/p>\n\n\n\n<p>&nbsp;Un tel discours a profond\u00e9ment indign\u00e9 la communaut\u00e9 intellectuelle et artistique du Bengale occidental.<em> \u00ab C\u2019est une communaut\u00e9 qui se tourne massivement vers le parti de Mamata Banerjee, alors qu\u2019historiquement, elle n\u2019avait jamais vot\u00e9 pour ce parti. Mais ils la per\u00e7oivent d\u00e9sormais comme un rempart au BJP \u00bb, <\/em>d\u00e9crypte Philippe Benoit. LE BJP, pr\u00e9cis\u00e9ment, aurait investi beaucoup d\u2019argent dans ces \u00e9lections, au cours desquelles plus d\u2019une cinquantaine de d\u00e9put\u00e9s locaux se seraient d\u00e9tourn\u00e9s de Mamata Banerjee, pour former les listes de l\u2019opposition, et que les locaux appellent sans complaisance <em>\u00ab les turned coats \u00bb, <\/em>litt\u00e9ralement <em>\u00ab ceux qui ont retourn\u00e9 leurs vestes \u00bb.<\/em><\/p>\n\n\n\n<p>&nbsp;Les r\u00e9sultats de l\u2019\u00e9lection seront d\u00e9voil\u00e9s le dimanche 2 mai. <em>\u00ab Le Bengale occidental va r\u00e9sister, comme il l\u2019a toujours fait \u00bb<\/em>, pr\u00e9dit encore une source locale. D\u2019autres \u00e9lections r\u00e9gionales se tiendront dans les prochaines semaines, dans l\u2019Assam, le Tamil Nadu et le Kerala.<\/p>\n\n\n\n<p>source : <a href=\"https:\/\/www.la-croix.com\/Monde\/Didi-contre-Modi-elections-tendues-souvrent-Bengale-occidental-2021-03-27-1201147981\">https:\/\/www.la-croix.com\/Monde\/Didi-contre-Modi-elections-tendues-souvrent-Bengale-occidental-2021-03-27-1201147981<\/a><\/p>\n","protected":false},"excerpt":{"rendered":"<p>L\u2019\u00c9tat du Bengale occidental, dans l\u2019est de l\u2019Inde, vote, samedi 27&nbsp;mars, pour renouveler son Assembl\u00e9e l\u00e9gislative. La dirigeante Mamata Banerjee, surnomm\u00e9e \u00ab&nbsp;Didi&nbsp;\u00bb, tente de conserver la majorit\u00e9 face au parti nationaliste hindou du premier ministre Narendra Modi, le BJP. Ad\u00e9la\u00efde de Valence, le 27\/03\/2021 Depuis des mois, les faits de violence qui se multiplient au &hellip;<\/p>\n","protected":false},"author":6,"featured_media":0,"comment_status":"closed","ping_status":"closed","sticky":false,"template":"","format":"standard","meta":[],"categories":[52,37],"tags":[],"_links":{"self":[{"href":"https:\/\/www.comptoirsinde.org\/index.php?rest_route=\/wp\/v2\/posts\/2822"}],"collection":[{"href":"https:\/\/www.comptoirsinde.org\/index.php?rest_route=\/wp\/v2\/posts"}],"about":[{"href":"https:\/\/www.comptoirsinde.org\/index.php?rest_route=\/wp\/v2\/types\/post"}],"author":[{"embeddable":true,"href":"https:\/\/www.comptoirsinde.org\/index.php?rest_route=\/wp\/v2\/users\/6"}],"replies":[{"embeddable":true,"href":"https:\/\/www.comptoirsinde.org\/index.php?rest_route=%2Fwp%2Fv2%2Fcomments&post=2822"}],"version-history":[{"count":1,"href":"https:\/\/www.comptoirsinde.org\/index.php?rest_route=\/wp\/v2\/posts\/2822\/revisions"}],"predecessor-version":[{"id":2823,"href":"https:\/\/www.comptoirsinde.org\/index.php?rest_route=\/wp\/v2\/posts\/2822\/revisions\/2823"}],"wp:attachment":[{"href":"https:\/\/www.comptoirsinde.org\/index.php?rest_route=%2Fwp%2Fv2%2Fmedia&parent=2822"}],"wp:term":[{"taxonomy":"category","embeddable":true,"href":"https:\/\/www.comptoirsinde.org\/index.php?rest_route=%2Fwp%2Fv2%2Fcategories&post=2822"},{"taxonomy":"post_tag","embeddable":true,"href":"https:\/\/www.comptoirsinde.org\/index.php?rest_route=%2Fwp%2Fv2%2Ftags&post=2822"}],"curies":[{"name":"wp","href":"https:\/\/api.w.org\/{rel}","templated":true}]}}