{"id":2841,"date":"2021-04-21T19:10:17","date_gmt":"2021-04-21T17:10:17","guid":{"rendered":"http:\/\/www.comptoirsinde.org\/?p=2841"},"modified":"2021-04-21T19:10:18","modified_gmt":"2021-04-21T17:10:18","slug":"la-revolte-des-paysans","status":"publish","type":"post","link":"https:\/\/www.comptoirsinde.org\/?p=2841","title":{"rendered":"La r\u00e9volte des paysans"},"content":{"rendered":"\n<p>Depuis septembre 2020, des centaines de milliers de paysans et<br>d\u2019agriculteurs manifestent contre le gouvernement indien, par des<br>campements gigantesques et des barrages routiers.<br>Il s\u2019agit de lutter contre la r\u00e9forme agraire qui doit conduire \u00e0 la<br>d\u00e9r\u00e9gulation du march\u00e9 agricole.<br>Les march\u00e9s r\u00e9gul\u00e9s ont \u00e9t\u00e9 mis en place dans les ann\u00e9es 60 pour<br>mettre fin aux famines et assurer aux paysans un revenu minimum.<br>Les paysans estiment que cette r\u00e9forme est une man\u0153uvre du<br>gouvernement qui ne leur propose aucune garantie pour le maintien<br>d\u2019une agriculture r\u00e9gul\u00e9e avec un prix minimum pour la vente de leurs<br>r\u00e9coltes.<br>Les paysans accusent le gouvernement de favoriser les grands groupes<br>agroalimentaires monopolistiques qui fixent les prix sans aucune r\u00e8gle.<br>Des manifestations et des gr\u00e8ves ont lieu depuis fin 2020 pour soutenir<br>ce mouvement et les syndicats d\u2019agriculteurs, certaines rassemblant<br>jusqu\u2019\u00e0 250 millions de personnes&nbsp;!<br>Malgr\u00e9 la suspension provisoire de cette r\u00e9forme en janvier 2021, la<br>mobilisation se poursuit pour r\u00e9clamer son retrait.<\/p>\n","protected":false},"excerpt":{"rendered":"<p>Depuis septembre 2020, des centaines de milliers de paysans etd\u2019agriculteurs manifestent contre le gouvernement indien, par descampements gigantesques et des barrages routiers.Il s\u2019agit de lutter contre la r\u00e9forme agraire qui doit conduire \u00e0 lad\u00e9r\u00e9gulation du march\u00e9 agricole.Les march\u00e9s r\u00e9gul\u00e9s ont \u00e9t\u00e9 mis en place dans les ann\u00e9es 60 pourmettre fin aux famines et assurer aux &hellip;<\/p>\n","protected":false},"author":6,"featured_media":0,"comment_status":"closed","ping_status":"closed","sticky":false,"template":"","format":"standard","meta":[],"categories":[52,37],"tags":[],"_links":{"self":[{"href":"https:\/\/www.comptoirsinde.org\/index.php?rest_route=\/wp\/v2\/posts\/2841"}],"collection":[{"href":"https:\/\/www.comptoirsinde.org\/index.php?rest_route=\/wp\/v2\/posts"}],"about":[{"href":"https:\/\/www.comptoirsinde.org\/index.php?rest_route=\/wp\/v2\/types\/post"}],"author":[{"embeddable":true,"href":"https:\/\/www.comptoirsinde.org\/index.php?rest_route=\/wp\/v2\/users\/6"}],"replies":[{"embeddable":true,"href":"https:\/\/www.comptoirsinde.org\/index.php?rest_route=%2Fwp%2Fv2%2Fcomments&post=2841"}],"version-history":[{"count":1,"href":"https:\/\/www.comptoirsinde.org\/index.php?rest_route=\/wp\/v2\/posts\/2841\/revisions"}],"predecessor-version":[{"id":2842,"href":"https:\/\/www.comptoirsinde.org\/index.php?rest_route=\/wp\/v2\/posts\/2841\/revisions\/2842"}],"wp:attachment":[{"href":"https:\/\/www.comptoirsinde.org\/index.php?rest_route=%2Fwp%2Fv2%2Fmedia&parent=2841"}],"wp:term":[{"taxonomy":"category","embeddable":true,"href":"https:\/\/www.comptoirsinde.org\/index.php?rest_route=%2Fwp%2Fv2%2Fcategories&post=2841"},{"taxonomy":"post_tag","embeddable":true,"href":"https:\/\/www.comptoirsinde.org\/index.php?rest_route=%2Fwp%2Fv2%2Ftags&post=2841"}],"curies":[{"name":"wp","href":"https:\/\/api.w.org\/{rel}","templated":true}]}}