{"id":2849,"date":"2021-04-24T09:48:44","date_gmt":"2021-04-24T07:48:44","guid":{"rendered":"http:\/\/www.comptoirsinde.org\/?p=2849"},"modified":"2021-04-24T09:49:16","modified_gmt":"2021-04-24T07:49:16","slug":"le-ministre-francais-des-affaires-etrangeres-en-inde","status":"publish","type":"post","link":"https:\/\/www.comptoirsinde.org\/?p=2849","title":{"rendered":"Le ministre fran\u00e7ais des affaires \u00e9trang\u00e8res en Inde"},"content":{"rendered":"\n<p>Jean-Yves Le Drian a \u00e9t\u00e9 accueilli \u00e0 bras ouverts en Inde du 13 au 15 avril par son homologue Subrahmanyam Jaishankar.<\/p>\n\n\n\n<p>Depuis la vente des Rafales, le partenariat strat\u00e9gique franco-indien est en plein essor et se consolide. A cela s\u2019ajoute la solidarit\u00e9 entre les deux pays dans la lutte contre la pand\u00e9mie.<\/p>\n\n\n\n<p>Jean Yves Le Drian visite r\u00e9guli\u00e8rement l\u2019Inde depuis qu\u2019il a assur\u00e9 la fonction de ministre de la d\u00e9fense aupr\u00e8s de Fran\u00e7ois Hollande. Ceci explique peut-\u00eatre qu\u2019il soit bien appr\u00e9ci\u00e9 de ses h\u00f4tes indiens.&nbsp;<\/p>\n\n\n\n<p>Le renforcement de la coop\u00e9ration bilat\u00e9rale porte sur la d\u00e9fense, le spatial et l\u2019\u00e9nergie (avec la proposition d\u2019EDF de construire six EPR, r\u00e9acteurs nucl\u00e9aires de troisi\u00e8me g\u00e9n\u00e9ration) \u00e0 Ja\u00eftapur, au sud de Bombay.<\/p>\n\n\n\n<p>Depuis septembre 2020, l\u2019Inde, l\u2019Australie et la France participent de concert \u00e0 des initiatives internationales dans la zone indo-pacifique.<\/p>\n\n\n\n<p>En janvier dernier, la France et l\u2019Inde ont inaugur\u00e9&nbsp;\u00ab&nbsp; l\u2019ann\u00e9e franco-indienne de l\u2019environnement, la biodiversit\u00e9 et la sant\u00e9&nbsp;\u00bb.&nbsp;<\/p>\n\n\n\n<p>La France est le neuvi\u00e8me<sup> <\/sup>investisseur \u00e9tranger en Inde. Elle a c\u00e9d\u00e9 sa cinqui\u00e8me<sup> <\/sup>place \u00e0 l\u2019Inde et occupe aujourd\u2019hui le septi\u00e8me<sup> <\/sup>rang des \u00e9conomies mondiales.<\/p>\n\n\n\n<p>Le premier ministre indien devrait se rendre en Europe, au Portugal et en France en mai prochain.<\/p>\n","protected":false},"excerpt":{"rendered":"<p>Jean-Yves Le Drian a \u00e9t\u00e9 accueilli \u00e0 bras ouverts en Inde du 13 au 15 avril par son homologue Subrahmanyam Jaishankar. Depuis la vente des Rafales, le partenariat strat\u00e9gique franco-indien est en plein essor et se consolide. A cela s\u2019ajoute la solidarit\u00e9 entre les deux pays dans la lutte contre la pand\u00e9mie. Jean Yves Le &hellip;<\/p>\n","protected":false},"author":6,"featured_media":0,"comment_status":"closed","ping_status":"closed","sticky":false,"template":"","format":"standard","meta":[],"categories":[52,37],"tags":[],"_links":{"self":[{"href":"https:\/\/www.comptoirsinde.org\/index.php?rest_route=\/wp\/v2\/posts\/2849"}],"collection":[{"href":"https:\/\/www.comptoirsinde.org\/index.php?rest_route=\/wp\/v2\/posts"}],"about":[{"href":"https:\/\/www.comptoirsinde.org\/index.php?rest_route=\/wp\/v2\/types\/post"}],"author":[{"embeddable":true,"href":"https:\/\/www.comptoirsinde.org\/index.php?rest_route=\/wp\/v2\/users\/6"}],"replies":[{"embeddable":true,"href":"https:\/\/www.comptoirsinde.org\/index.php?rest_route=%2Fwp%2Fv2%2Fcomments&post=2849"}],"version-history":[{"count":1,"href":"https:\/\/www.comptoirsinde.org\/index.php?rest_route=\/wp\/v2\/posts\/2849\/revisions"}],"predecessor-version":[{"id":2850,"href":"https:\/\/www.comptoirsinde.org\/index.php?rest_route=\/wp\/v2\/posts\/2849\/revisions\/2850"}],"wp:attachment":[{"href":"https:\/\/www.comptoirsinde.org\/index.php?rest_route=%2Fwp%2Fv2%2Fmedia&parent=2849"}],"wp:term":[{"taxonomy":"category","embeddable":true,"href":"https:\/\/www.comptoirsinde.org\/index.php?rest_route=%2Fwp%2Fv2%2Fcategories&post=2849"},{"taxonomy":"post_tag","embeddable":true,"href":"https:\/\/www.comptoirsinde.org\/index.php?rest_route=%2Fwp%2Fv2%2Ftags&post=2849"}],"curies":[{"name":"wp","href":"https:\/\/api.w.org\/{rel}","templated":true}]}}