{"id":2891,"date":"2021-05-31T22:42:10","date_gmt":"2021-05-31T20:42:10","guid":{"rendered":"http:\/\/www.comptoirsinde.org\/?p=2891"},"modified":"2021-05-31T22:42:12","modified_gmt":"2021-05-31T20:42:12","slug":"inde-situation-alarmante-pour-les-orphelins-du-covid-19","status":"publish","type":"post","link":"https:\/\/www.comptoirsinde.org\/?p=2891","title":{"rendered":"Inde : situation alarmante pour les orphelins du Covid-19"},"content":{"rendered":"\n<p>L\u2019Inde s\u2019inqui\u00e8te des enfants que la pand\u00e9mie a rendus orphelins. Il semble que leur nombre soit tr\u00e8s important, mais il est difficile d\u2019avoir des chiffres pr\u00e9cis faute d\u2019un d\u00e9compte officiel.&nbsp;&nbsp;<\/p>\n\n\n\n<p>Les identit\u00e9s d\u2019enfants dont les parents sont d\u00e9c\u00e9d\u00e9s sont partag\u00e9es sur les r\u00e9seaux sociaux et de nombreuses personnes veulent adopter.<\/p>\n\n\n\n<p>S\u2019ils partent d\u2019une bonne intention, ces messages sont contraires \u00e0 la loi et peuvent favoriser le trafic d\u2019enfants. Plusieurs ONG ont alert\u00e9 le gouvernement sur ce danger.<\/p>\n\n\n\n<p>Au pic de la deuxi\u00e8me vague correspond un pic des adoptions ill\u00e9gales. Faute de respect du processus l\u00e9gal, personne ne sait qui prend vraiment en charge les enfants. Certains peuvent les r\u00e9cup\u00e9rer pour du travail forc\u00e9 comme esclaves domestiques. Cela peut aller parfois jusqu\u2019\u00e0 des violences et des exploitations sexuelles.<\/p>\n\n\n\n<p>Le minist\u00e8re de l\u2019Int\u00e9rieur a exhort\u00e9 les \u00e9tats indiens \u00e0 renforcer les dispositifs de prise en charge des enfants orphelins.&nbsp;<\/p>\n","protected":false},"excerpt":{"rendered":"<p>L\u2019Inde s\u2019inqui\u00e8te des enfants que la pand\u00e9mie a rendus orphelins. Il semble que leur nombre soit tr\u00e8s important, mais il est difficile d\u2019avoir des chiffres pr\u00e9cis faute d\u2019un d\u00e9compte officiel.&nbsp;&nbsp; Les identit\u00e9s d\u2019enfants dont les parents sont d\u00e9c\u00e9d\u00e9s sont partag\u00e9es sur les r\u00e9seaux sociaux et de nombreuses personnes veulent adopter. S\u2019ils partent d\u2019une bonne intention, &hellip;<\/p>\n","protected":false},"author":6,"featured_media":0,"comment_status":"closed","ping_status":"closed","sticky":false,"template":"","format":"standard","meta":[],"categories":[52,37],"tags":[],"_links":{"self":[{"href":"https:\/\/www.comptoirsinde.org\/index.php?rest_route=\/wp\/v2\/posts\/2891"}],"collection":[{"href":"https:\/\/www.comptoirsinde.org\/index.php?rest_route=\/wp\/v2\/posts"}],"about":[{"href":"https:\/\/www.comptoirsinde.org\/index.php?rest_route=\/wp\/v2\/types\/post"}],"author":[{"embeddable":true,"href":"https:\/\/www.comptoirsinde.org\/index.php?rest_route=\/wp\/v2\/users\/6"}],"replies":[{"embeddable":true,"href":"https:\/\/www.comptoirsinde.org\/index.php?rest_route=%2Fwp%2Fv2%2Fcomments&post=2891"}],"version-history":[{"count":1,"href":"https:\/\/www.comptoirsinde.org\/index.php?rest_route=\/wp\/v2\/posts\/2891\/revisions"}],"predecessor-version":[{"id":2892,"href":"https:\/\/www.comptoirsinde.org\/index.php?rest_route=\/wp\/v2\/posts\/2891\/revisions\/2892"}],"wp:attachment":[{"href":"https:\/\/www.comptoirsinde.org\/index.php?rest_route=%2Fwp%2Fv2%2Fmedia&parent=2891"}],"wp:term":[{"taxonomy":"category","embeddable":true,"href":"https:\/\/www.comptoirsinde.org\/index.php?rest_route=%2Fwp%2Fv2%2Fcategories&post=2891"},{"taxonomy":"post_tag","embeddable":true,"href":"https:\/\/www.comptoirsinde.org\/index.php?rest_route=%2Fwp%2Fv2%2Ftags&post=2891"}],"curies":[{"name":"wp","href":"https:\/\/api.w.org\/{rel}","templated":true}]}}