{"id":2909,"date":"2021-06-15T22:52:07","date_gmt":"2021-06-15T20:52:07","guid":{"rendered":"http:\/\/www.comptoirsinde.org\/?p=2909"},"modified":"2021-06-15T22:52:08","modified_gmt":"2021-06-15T20:52:08","slug":"face-aux-critiques-narendra-modi-rend-les-vaccins-gratuits","status":"publish","type":"post","link":"https:\/\/www.comptoirsinde.org\/?p=2909","title":{"rendered":"Face aux critiques, Narendra Modi rend les vaccins gratuits"},"content":{"rendered":"\n<p>Narendra Modi a annonc\u00e9 le 7 juin que \u00ab\u00a0toute personne \u00e2g\u00e9e de 18 ans ou plus pourra se faire vacciner gratuitement\u00a0\u00bb.<\/p>\n\n\n\n<p>Cette disposition intervient apr\u00e8s que la Cour Supr\u00eame ait le 1<sup>er<\/sup> juin qualifi\u00e9 la politique vaccinale nationale d\u2019&nbsp;\u00ab&nbsp;arbitraire et irrationnelle&nbsp;\u00bb et demand\u00e9 \u00ab&nbsp;l\u2019\u00e9tablissement d\u2019une feuille de route claire jusqu\u2019\u00e0 la fin de l\u2019ann\u00e9e 2021&nbsp;\u00bb.<\/p>\n\n\n\n<p>A ce jour seulement 3.4 % de la population indienne a re\u00e7u les 2 injections.<\/p>\n","protected":false},"excerpt":{"rendered":"<p>Narendra Modi a annonc\u00e9 le 7 juin que \u00ab\u00a0toute personne \u00e2g\u00e9e de 18 ans ou plus pourra se faire vacciner gratuitement\u00a0\u00bb. Cette disposition intervient apr\u00e8s que la Cour Supr\u00eame ait le 1er juin qualifi\u00e9 la politique vaccinale nationale d\u2019&nbsp;\u00ab&nbsp;arbitraire et irrationnelle&nbsp;\u00bb et demand\u00e9 \u00ab&nbsp;l\u2019\u00e9tablissement d\u2019une feuille de route claire jusqu\u2019\u00e0 la fin de l\u2019ann\u00e9e 2021&nbsp;\u00bb. &hellip;<\/p>\n","protected":false},"author":6,"featured_media":0,"comment_status":"closed","ping_status":"closed","sticky":false,"template":"","format":"standard","meta":[],"categories":[52],"tags":[],"_links":{"self":[{"href":"https:\/\/www.comptoirsinde.org\/index.php?rest_route=\/wp\/v2\/posts\/2909"}],"collection":[{"href":"https:\/\/www.comptoirsinde.org\/index.php?rest_route=\/wp\/v2\/posts"}],"about":[{"href":"https:\/\/www.comptoirsinde.org\/index.php?rest_route=\/wp\/v2\/types\/post"}],"author":[{"embeddable":true,"href":"https:\/\/www.comptoirsinde.org\/index.php?rest_route=\/wp\/v2\/users\/6"}],"replies":[{"embeddable":true,"href":"https:\/\/www.comptoirsinde.org\/index.php?rest_route=%2Fwp%2Fv2%2Fcomments&post=2909"}],"version-history":[{"count":1,"href":"https:\/\/www.comptoirsinde.org\/index.php?rest_route=\/wp\/v2\/posts\/2909\/revisions"}],"predecessor-version":[{"id":2910,"href":"https:\/\/www.comptoirsinde.org\/index.php?rest_route=\/wp\/v2\/posts\/2909\/revisions\/2910"}],"wp:attachment":[{"href":"https:\/\/www.comptoirsinde.org\/index.php?rest_route=%2Fwp%2Fv2%2Fmedia&parent=2909"}],"wp:term":[{"taxonomy":"category","embeddable":true,"href":"https:\/\/www.comptoirsinde.org\/index.php?rest_route=%2Fwp%2Fv2%2Fcategories&post=2909"},{"taxonomy":"post_tag","embeddable":true,"href":"https:\/\/www.comptoirsinde.org\/index.php?rest_route=%2Fwp%2Fv2%2Ftags&post=2909"}],"curies":[{"name":"wp","href":"https:\/\/api.w.org\/{rel}","templated":true}]}}