{"id":2919,"date":"2021-07-12T23:07:04","date_gmt":"2021-07-12T21:07:04","guid":{"rendered":"http:\/\/www.comptoirsinde.org\/?p=2919"},"modified":"2021-07-12T23:07:05","modified_gmt":"2021-07-12T21:07:05","slug":"le-pere-stan-swamy-emprisonne-en-inde-est-mort","status":"publish","type":"post","link":"https:\/\/www.comptoirsinde.org\/?p=2919","title":{"rendered":"Le P\u00e8re Stan Swamy, emprisonn\u00e9 en Inde, est mort"},"content":{"rendered":"\n<p>Le p\u00e8re Stan Swamy, d\u00e9fenseur des droits de l\u2019homme et des peuples indig\u00e8nes est mort le 5 juillet 2021 \u00e0 l\u2019\u00e2ge de 84 ans.<br>Il est d\u00e9c\u00e9d\u00e9 du covid en prison o\u00f9 il \u00e9tait d\u00e9tenu depuis 8 mois.<br>Il \u00e9tait accus\u00e9 sans preuve de \u00ab\u00a0conspiration maoiste\u00a0\u00bb et d\u2019avoir particip\u00e9 \u00e0 l\u2019organisation des affrontements du 1 er janvier 2018 entre basses castes et hautes castes dans la ville de Koregaon (ouest du pays).<br>L\u2019Eglise locale, les Nations-Unies et les organisations de d\u00e9fense des droits de l\u2019homme ont qualifi\u00e9 ces all\u00e9gations de totalement infond\u00e9es.<br>Apr\u00e8s son arrestation Stan Swamy avait rappel\u00e9 que \u00ab\u00a0de nombreux militants, juristes, \u00e9crivains, journalistes, leaders \u00e9tudiants, po\u00e8tes et intellectuels qui se posent en d\u00e9fenseurs des minorit\u00e9s tribales, des dalits et des marginaux, sont pris pour cible par le pouvoir\u00a0\u00bb.<\/p>\n","protected":false},"excerpt":{"rendered":"<p>Le p\u00e8re Stan Swamy, d\u00e9fenseur des droits de l\u2019homme et des peuples indig\u00e8nes est mort le 5 juillet 2021 \u00e0 l\u2019\u00e2ge de 84 ans.Il est d\u00e9c\u00e9d\u00e9 du covid en prison o\u00f9 il \u00e9tait d\u00e9tenu depuis 8 mois.Il \u00e9tait accus\u00e9 sans preuve de \u00ab\u00a0conspiration maoiste\u00a0\u00bb et d\u2019avoir particip\u00e9 \u00e0 l\u2019organisation des affrontements du 1 er janvier &hellip;<\/p>\n","protected":false},"author":6,"featured_media":0,"comment_status":"closed","ping_status":"closed","sticky":false,"template":"","format":"standard","meta":[],"categories":[52,37],"tags":[],"_links":{"self":[{"href":"https:\/\/www.comptoirsinde.org\/index.php?rest_route=\/wp\/v2\/posts\/2919"}],"collection":[{"href":"https:\/\/www.comptoirsinde.org\/index.php?rest_route=\/wp\/v2\/posts"}],"about":[{"href":"https:\/\/www.comptoirsinde.org\/index.php?rest_route=\/wp\/v2\/types\/post"}],"author":[{"embeddable":true,"href":"https:\/\/www.comptoirsinde.org\/index.php?rest_route=\/wp\/v2\/users\/6"}],"replies":[{"embeddable":true,"href":"https:\/\/www.comptoirsinde.org\/index.php?rest_route=%2Fwp%2Fv2%2Fcomments&post=2919"}],"version-history":[{"count":1,"href":"https:\/\/www.comptoirsinde.org\/index.php?rest_route=\/wp\/v2\/posts\/2919\/revisions"}],"predecessor-version":[{"id":2920,"href":"https:\/\/www.comptoirsinde.org\/index.php?rest_route=\/wp\/v2\/posts\/2919\/revisions\/2920"}],"wp:attachment":[{"href":"https:\/\/www.comptoirsinde.org\/index.php?rest_route=%2Fwp%2Fv2%2Fmedia&parent=2919"}],"wp:term":[{"taxonomy":"category","embeddable":true,"href":"https:\/\/www.comptoirsinde.org\/index.php?rest_route=%2Fwp%2Fv2%2Fcategories&post=2919"},{"taxonomy":"post_tag","embeddable":true,"href":"https:\/\/www.comptoirsinde.org\/index.php?rest_route=%2Fwp%2Fv2%2Ftags&post=2919"}],"curies":[{"name":"wp","href":"https:\/\/api.w.org\/{rel}","templated":true}]}}