{"id":3012,"date":"2021-11-16T18:17:22","date_gmt":"2021-11-16T17:17:22","guid":{"rendered":"http:\/\/www.comptoirsinde.org\/?p=3012"},"modified":"2021-11-16T18:17:23","modified_gmt":"2021-11-16T17:17:23","slug":"hommage-a-deux-compagnons-de-la-liberation-au-pere-lachaise","status":"publish","type":"post","link":"https:\/\/www.comptoirsinde.org\/?p=3012","title":{"rendered":"Hommage \u00e0 deux compagnons de la Lib\u00e9ration au P\u00e8re-Lachaise"},"content":{"rendered":"\n<p>Le Souvenir Fran\u00e7ais du 20<sup>e<\/sup>&nbsp;organise un hommage \u00e0 2 compagnons de la Lib\u00e9ration&nbsp;:<\/p>\n\n\n\n<p>&#8211;&nbsp;&nbsp;&nbsp;&nbsp;&nbsp;&nbsp;&nbsp;&nbsp;Daniel CORDIER (ancien secr\u00e9taire de Jean Moulin, d\u00e9c\u00e9d\u00e9 le 20 novembre 2020, chancelier d\u2019honneur de l\u2019Ordre de la Lib\u00e9ration)<\/p>\n\n\n\n<p>&#8211;&nbsp;&nbsp;&nbsp;&nbsp;&nbsp;&nbsp;&nbsp;&nbsp;Jan Louis-Guilleaume DOORNIK (r\u00e9sistant, fusill\u00e9 le 29 ao\u00fbt 1941 au Mont Val\u00e9rien)<\/p>\n\n\n\n<p>La c\u00e9r\u00e9monie aura lieu le samedi 20 novembre 2021 \u00e0 15h au cimeti\u00e8re du P\u00e8re Lachaise, rendez-vous devant l\u2019entr\u00e9e Porte Gambetta.<\/p>\n\n\n\n<p>Nous esp\u00e9rons que vous serez nombreux \u00e0 y assister.<\/p>\n","protected":false},"excerpt":{"rendered":"<p>Le Souvenir Fran\u00e7ais du 20e&nbsp;organise un hommage \u00e0 2 compagnons de la Lib\u00e9ration&nbsp;: &#8211;&nbsp;&nbsp;&nbsp;&nbsp;&nbsp;&nbsp;&nbsp;&nbsp;Daniel CORDIER (ancien secr\u00e9taire de Jean Moulin, d\u00e9c\u00e9d\u00e9 le 20 novembre 2020, chancelier d\u2019honneur de l\u2019Ordre de la Lib\u00e9ration) &#8211;&nbsp;&nbsp;&nbsp;&nbsp;&nbsp;&nbsp;&nbsp;&nbsp;Jan Louis-Guilleaume DOORNIK (r\u00e9sistant, fusill\u00e9 le 29 ao\u00fbt 1941 au Mont Val\u00e9rien) La c\u00e9r\u00e9monie aura lieu le samedi 20 novembre 2021 \u00e0 15h &hellip;<\/p>\n","protected":false},"author":6,"featured_media":0,"comment_status":"closed","ping_status":"closed","sticky":false,"template":"","format":"standard","meta":[],"categories":[17],"tags":[],"_links":{"self":[{"href":"https:\/\/www.comptoirsinde.org\/index.php?rest_route=\/wp\/v2\/posts\/3012"}],"collection":[{"href":"https:\/\/www.comptoirsinde.org\/index.php?rest_route=\/wp\/v2\/posts"}],"about":[{"href":"https:\/\/www.comptoirsinde.org\/index.php?rest_route=\/wp\/v2\/types\/post"}],"author":[{"embeddable":true,"href":"https:\/\/www.comptoirsinde.org\/index.php?rest_route=\/wp\/v2\/users\/6"}],"replies":[{"embeddable":true,"href":"https:\/\/www.comptoirsinde.org\/index.php?rest_route=%2Fwp%2Fv2%2Fcomments&post=3012"}],"version-history":[{"count":1,"href":"https:\/\/www.comptoirsinde.org\/index.php?rest_route=\/wp\/v2\/posts\/3012\/revisions"}],"predecessor-version":[{"id":3013,"href":"https:\/\/www.comptoirsinde.org\/index.php?rest_route=\/wp\/v2\/posts\/3012\/revisions\/3013"}],"wp:attachment":[{"href":"https:\/\/www.comptoirsinde.org\/index.php?rest_route=%2Fwp%2Fv2%2Fmedia&parent=3012"}],"wp:term":[{"taxonomy":"category","embeddable":true,"href":"https:\/\/www.comptoirsinde.org\/index.php?rest_route=%2Fwp%2Fv2%2Fcategories&post=3012"},{"taxonomy":"post_tag","embeddable":true,"href":"https:\/\/www.comptoirsinde.org\/index.php?rest_route=%2Fwp%2Fv2%2Ftags&post=3012"}],"curies":[{"name":"wp","href":"https:\/\/api.w.org\/{rel}","templated":true}]}}