{"id":3203,"date":"2022-09-02T22:29:06","date_gmt":"2022-09-02T20:29:06","guid":{"rendered":"http:\/\/www.comptoirsinde.org\/?p=3203"},"modified":"2022-09-03T20:44:10","modified_gmt":"2022-09-03T18:44:10","slug":"emission-de-radio-avec-douglas-gressieux","status":"publish","type":"post","link":"https:\/\/www.comptoirsinde.org\/?p=3203","title":{"rendered":"\u00c9mission de radio avec Douglas Gressieux"},"content":{"rendered":"\n<p><strong>Nous vous informons que notre Pr\u00e9sident, Douglas Gressieux, participe \u00e0 l\u2019\u00e9mission de radio \u00ab\u00a0Je pense, donc j\u2019agis\u00a0\u00bb diffus\u00e9e sur RCF (Radio Chr\u00e9tienne Francophone\u00a0) lundi 5 septembre entre 10h et 11h, sur le th\u00e8me \u00ab\u00a0L\u2019Inde, ce pays qui nous fascine\u00a0\u00bb.<\/strong><\/p>\n<p><strong>Le P\u00e8re Pierre Legrand des Missions \u00c9trang\u00e8res de Paris (63 ans d\u2019activit\u00e9 \u00e0 Bangalore) est \u00e9galement invit\u00e9. <\/strong><\/p>\n<p><strong>Tous 2 r\u00e9pondront aux questions du journaliste Melchior Gormand.\u00a0<\/strong><\/p>\n<p><strong>Vous pouvez \u00e9couter cette \u00e9mission sur internet.<\/strong><\/p>\n","protected":false},"excerpt":{"rendered":"<p>Nous vous informons que notre Pr\u00e9sident, Douglas Gressieux, participe \u00e0 l\u2019\u00e9mission de radio \u00ab\u00a0Je pense, donc j\u2019agis\u00a0\u00bb diffus\u00e9e sur RCF (Radio Chr\u00e9tienne Francophone\u00a0) lundi 5 septembre entre 10h et 11h, sur le th\u00e8me \u00ab\u00a0L\u2019Inde, ce pays qui nous fascine\u00a0\u00bb. Le P\u00e8re Pierre Legrand des Missions \u00c9trang\u00e8res de Paris (63 ans d\u2019activit\u00e9 \u00e0 Bangalore) est \u00e9galement &hellip;<\/p>\n","protected":false},"author":6,"featured_media":0,"comment_status":"closed","ping_status":"closed","sticky":false,"template":"","format":"standard","meta":[],"categories":[37],"tags":[],"_links":{"self":[{"href":"https:\/\/www.comptoirsinde.org\/index.php?rest_route=\/wp\/v2\/posts\/3203"}],"collection":[{"href":"https:\/\/www.comptoirsinde.org\/index.php?rest_route=\/wp\/v2\/posts"}],"about":[{"href":"https:\/\/www.comptoirsinde.org\/index.php?rest_route=\/wp\/v2\/types\/post"}],"author":[{"embeddable":true,"href":"https:\/\/www.comptoirsinde.org\/index.php?rest_route=\/wp\/v2\/users\/6"}],"replies":[{"embeddable":true,"href":"https:\/\/www.comptoirsinde.org\/index.php?rest_route=%2Fwp%2Fv2%2Fcomments&post=3203"}],"version-history":[{"count":2,"href":"https:\/\/www.comptoirsinde.org\/index.php?rest_route=\/wp\/v2\/posts\/3203\/revisions"}],"predecessor-version":[{"id":3206,"href":"https:\/\/www.comptoirsinde.org\/index.php?rest_route=\/wp\/v2\/posts\/3203\/revisions\/3206"}],"wp:attachment":[{"href":"https:\/\/www.comptoirsinde.org\/index.php?rest_route=%2Fwp%2Fv2%2Fmedia&parent=3203"}],"wp:term":[{"taxonomy":"category","embeddable":true,"href":"https:\/\/www.comptoirsinde.org\/index.php?rest_route=%2Fwp%2Fv2%2Fcategories&post=3203"},{"taxonomy":"post_tag","embeddable":true,"href":"https:\/\/www.comptoirsinde.org\/index.php?rest_route=%2Fwp%2Fv2%2Ftags&post=3203"}],"curies":[{"name":"wp","href":"https:\/\/api.w.org\/{rel}","templated":true}]}}